{"id":5,"date":"2021-04-22T09:50:05","date_gmt":"2021-04-22T09:50:05","guid":{"rendered":"https:\/\/canalfutur.ch\/?p=5"},"modified":"2022-07-29T19:15:06","modified_gmt":"2022-07-29T19:15:06","slug":"musesa-mayalu-zada","status":"publish","type":"post","link":"https:\/\/canalfutur.ch\/en\/index.php\/2021\/04\/22\/musesa-mayalu-zada\/","title":{"rendered":"Musesa Mayalu Zada"},"content":{"rendered":"\n<div class=\"wp-block-image\"><figure class=\"aligncenter size-large is-resized\"><img decoding=\"async\" src=\"http:\/\/canalfutur.ch\/wp-content\/uploads\/2021\/04\/drapeu-11.png\" alt=\"\" class=\"wp-image-76\" width=\"-79\" height=\"-15\" srcset=\"https:\/\/canalfutur.ch\/wp-content\/uploads\/2021\/04\/drapeu-11.png 481w, https:\/\/canalfutur.ch\/wp-content\/uploads\/2021\/04\/drapeu-11-300x57.png 300w\" sizes=\"(max-width: 481px) 100vw, 481px\" \/><\/figure><\/div>\n\n\n\n<div class=\"wp-block-image\"><figure class=\"aligncenter size-large is-resized\"><img loading=\"lazy\" decoding=\"async\" src=\"http:\/\/canalfutur.ch\/wp-content\/uploads\/2021\/04\/satellite.-na-ngaipng-4.png\" alt=\"\" class=\"wp-image-86\" width=\"350\" height=\"341\" srcset=\"https:\/\/canalfutur.ch\/wp-content\/uploads\/2021\/04\/satellite.-na-ngaipng-4.png 804w, https:\/\/canalfutur.ch\/wp-content\/uploads\/2021\/04\/satellite.-na-ngaipng-4-300x293.png 300w, https:\/\/canalfutur.ch\/wp-content\/uploads\/2021\/04\/satellite.-na-ngaipng-4-768x749.png 768w\" sizes=\"auto, (max-width: 350px) 100vw, 350px\" \/><\/figure><\/div>\n\n\n\n<div class=\"wp-block-image\"><figure class=\"aligncenter size-large\"><img loading=\"lazy\" decoding=\"async\" width=\"328\" height=\"28\" src=\"http:\/\/canalfutur.ch\/wp-content\/uploads\/2021\/04\/image004.gif\" alt=\"\" class=\"wp-image-114\"\/><\/figure><\/div>\n\n\n\n<div class=\"wp-block-image\"><figure class=\"aligncenter size-large is-resized\"><img decoding=\"async\" src=\"http:\/\/canalfutur.ch\/wp-content\/uploads\/2021\/04\/zada-bureau-1.jpg\" alt=\"\" class=\"wp-image-90\" width=\"-51\" height=\"-66\" srcset=\"https:\/\/canalfutur.ch\/wp-content\/uploads\/2021\/04\/zada-bureau-1.jpg 467w, https:\/\/canalfutur.ch\/wp-content\/uploads\/2021\/04\/zada-bureau-1-232x300.jpg 232w\" sizes=\"(max-width: 467px) 100vw, 467px\" \/><\/figure><\/div>\n\n\n\n<div class=\"wp-block-image\"><figure class=\"aligncenter size-large\"><img loading=\"lazy\" decoding=\"async\" width=\"433\" height=\"43\" src=\"http:\/\/canalfutur.ch\/wp-content\/uploads\/2021\/04\/image005.gif\" alt=\"\" class=\"wp-image-94\"\/><\/figure><\/div>\n\n\n\n<div class=\"wp-block-image\"><figure class=\"aligncenter size-large\"><img loading=\"lazy\" decoding=\"async\" width=\"207\" height=\"92\" src=\"http:\/\/canalfutur.ch\/wp-content\/uploads\/2021\/04\/radiookapilogo2017_0-1.png\" alt=\"\" class=\"wp-image-97\"\/><\/figure><\/div>\n\n\n\n<div class=\"wp-block-image\"><figure class=\"aligncenter size-large\"><img loading=\"lazy\" decoding=\"async\" width=\"235\" height=\"130\" src=\"http:\/\/canalfutur.ch\/wp-content\/uploads\/2021\/04\/police-kanga-bango-1.gif\" alt=\"\" class=\"wp-image-99\"\/><\/figure><\/div>\n\n\n\n<div class=\"wp-block-image\"><figure class=\"aligncenter size-large\"><img loading=\"lazy\" decoding=\"async\" width=\"496\" height=\"51\" src=\"http:\/\/canalfutur.ch\/wp-content\/uploads\/2021\/04\/image003-2.gif\" alt=\"\" class=\"wp-image-170\"\/><\/figure><\/div>\n\n\n\n<p id=\"block-f0f94392-ec26-4286-abe2-cb3f437608c2\"><strong>Ni le 11 mars 1960 \u00e0 Kinshasa \/ Ndjili (RDC) c\u00e9libat p\u00e8re de 4 enfants ; langues parl\u00e9es: ou langues utilis\u00e9es:le fran\u00e7ais , italien , portugais et le lingala .<\/strong><\/p>\n\n\n\n<p id=\"block-5a73b47b-a305-432d-a409-5eba5ca12b2b\">\u2013 <strong>1968 \u00e0 1975<\/strong> Ecole Primaire \u00e0 kinshasa Ndjili<\/p>\n\n\n\n<p id=\"block-f7854039-ea1b-4ee0-a9a5-a2105d073b7e\">\u2013 <strong>1975 \u00e0 1979<\/strong> Sycle d\u2019orientation au Congo Brazza\/ville SEG comune de bas congo<\/p>\n\n\n\n<p id=\"block-69885eed-5e0a-4a7f-a8ab-4bf10665053d\">\u2013 <strong>cycle 1979 \u00e0 1981,<\/strong> commune, lyc\u00e9e Patrice lumumba<\/p>\n\n\n\n<p id=\"block-f9a5ba40-f32a-4600-886f-e415d022a26c\"><strong>-1982 \u00e0 1986<\/strong> Secr\u00e9taire puis Professeur de cour de fan\u00a2ais \u00e0 ACM Luanda v Angola<\/p>\n\n\n\n<p id=\"block-28e7ce9b-f63a-40aa-9df3-3148218a5769\">\u2013<strong>1986 \u00e0 1987<\/strong>&nbsp;&nbsp;&nbsp;&nbsp;&nbsp;&nbsp;&nbsp;&nbsp;&nbsp;Certificat des&nbsp;&nbsp;&nbsp;Gardinage&nbsp;\u00e0 paris<\/p>\n\n\n\n<figure class=\"wp-block-table\"><table><tbody><tr><td>&nbsp;<strong>1995 Ouvrier du chocolat Alprose Sa Caslano 1992 \u00e0 2006 Ouvriers d\u2019entrep\u00f4t Contr\u00f4le de fonctionnement du syst\u00e8me SAP des donn\u00e9es entrantes et sortantes; Certificat d\u2019association ASFPRI pour la formation professionnelle dans le domaine du stockage Formation en informatique: Microsoft Word, Excel, Windows XP, 2000Contr\u00f4ler la programmation PC; Consogli; secrets, conseils utiles et cours professionnels pour le positionnement dans les moteurs de recherche, le commerce \u00e9lectronique, la publicit\u00e9 en ligne, la r\u00e9daction et le marketing par e-mail Professeur Latorre Cesare au Tessin suisse<\/strong><\/td><\/tr><\/tbody><\/table><\/figure>\n\n\n\n<p class=\"has-text-align-center\" id=\"block-ba4ed7ca-5f5a-4fe7-82cf-60aefeb67746\">Cours de formation en marketing Web en ligne en Italie http:\/\/www.internet-marketing.it\/?1119 <strong>3 Web Marketing<\/strong><\/p>\n\n\n\n<div class=\"wp-block-image\"><figure class=\"aligncenter size-large\"><img loading=\"lazy\" decoding=\"async\" width=\"270\" height=\"71\" src=\"http:\/\/canalfutur.ch\/wp-content\/uploads\/2021\/04\/web-Matketing.gif\" alt=\"\" class=\"wp-image-175\"\/><figcaption><strong>3 Web Marketing<\/strong><\/figcaption><\/figure><\/div>\n\n\n\n<div class=\"wp-block-image\"><figure class=\"aligncenter size-large\"><img loading=\"lazy\" decoding=\"async\" width=\"108\" height=\"32\" src=\"http:\/\/canalfutur.ch\/wp-content\/uploads\/2021\/04\/new_logo_ani.gif\" alt=\"\" class=\"wp-image-174\"\/><\/figure><\/div>\n\n\n\n<p id=\"block-756bd3f5-5b2c-4358-8224-ea414c092168\"><em>Pourquoi un Homme Innocent et Sa Famille Enti\u00e8re sont ils toujours soumis aux traitements inhumain et d\u00e9gradant par des agences gouvernementales de Renseignements comme les Criminels sans Protection de Droits civils depuis 1988 ? Injuste, Immoral, Ill\u00e9gal et manqu\u00e9 total d\u2019\u00e9tique.<\/em><\/p>\n\n\n\n<p id=\"block-fa45125a-c6e4-485f-91c2-1a421e38c934\"><strong><em>LE CHEMIN:<\/em><\/strong> <em>\u00ab&nbsp;Imaginons que la vie est comme un ensemble de routes et que nous croisons r\u00e9guli\u00e8rement des carrefours o\u00f9 un choix est \u00e0 faire: une des routes m\u00e8ne au bon endroit, les autres non. Imaginons encore, sur ces carrefours&#8230;&nbsp;\u00bb<\/em><\/p>\n\n\n\n<p id=\"block-60c6f927-2615-4782-985b-e99f48cdc9c6\"><strong><em>LA VIE :<\/em><\/strong> \u00ab Nous connaissons tous les exemples de vies <em>sauv\u00e9es au prix d\u2019une autre vie :- l\u2019alpiniste malheureux au prix de la vie d\u2019un de ses sauveteurs ;<\/em><\/p>\n\n\n\n<div class=\"wp-block-image\"><figure class=\"aligncenter size-large\"><img loading=\"lazy\" decoding=\"async\" width=\"275\" height=\"320\" src=\"http:\/\/canalfutur.ch\/wp-content\/uploads\/2021\/04\/OBAMA-2.gif\" alt=\"\" class=\"wp-image-178\"\/><figcaption>&nbsp;Ce qui est \u00e0 toi reste toi<\/figcaption><\/figure><\/div>\n\n\n\n<figure class=\"wp-block-embed is-type-video is-provider-youtube wp-block-embed-youtube wp-embed-aspect-4-3 wp-has-aspect-ratio\"><div class=\"wp-block-embed__wrapper\">\n<iframe loading=\"lazy\" title=\"Jos\u00e9 nzita - ce qui est \u00e0 toi\" width=\"640\" height=\"480\" src=\"https:\/\/www.youtube.com\/embed\/76HgXn537KE?feature=oembed\" frameborder=\"0\" allow=\"accelerometer; autoplay; clipboard-write; encrypted-media; gyroscope; picture-in-picture; web-share\" referrerpolicy=\"strict-origin-when-cross-origin\" allowfullscreen><\/iframe>\n<\/div><\/figure>\n\n\n\n<p class=\"has-text-align-center\" id=\"block-b4513a2c-d827-43fe-8ffc-0ffc0308e181\"><strong><a href=\"http:\/\/localhost\/canalfutur\/wp-admin\/GV%20rdc%20vole\/GV%20organisation%20de%20vol.index.htm\">Sur tue pour voler<\/a><\/strong> \u00ab&nbsp;scandale&nbsp;\u00bb,<a href=\"http:\/\/www.canalfutur.ch\/pt\/2018\/08\/26\/vie-de-musesa-mayalu-zada\/\">Police D intervation Rapide<\/a><\/p>\n\n\n\n<div class=\"wp-block-image\"><figure class=\"aligncenter size-large is-resized\"><img decoding=\"async\" src=\"http:\/\/canalfutur.ch\/wp-content\/uploads\/2021\/04\/zada-na-gene-768x1024.jpg\" alt=\"\" class=\"wp-image-182\" width=\"-311\" height=\"-415\" srcset=\"https:\/\/canalfutur.ch\/wp-content\/uploads\/2021\/04\/zada-na-gene-768x1024.jpg 768w, https:\/\/canalfutur.ch\/wp-content\/uploads\/2021\/04\/zada-na-gene-225x300.jpg 225w, https:\/\/canalfutur.ch\/wp-content\/uploads\/2021\/04\/zada-na-gene-1152x1536.jpg 1152w, https:\/\/canalfutur.ch\/wp-content\/uploads\/2021\/04\/zada-na-gene-1536x2048.jpg 1536w, https:\/\/canalfutur.ch\/wp-content\/uploads\/2021\/04\/zada-na-gene-scaled.jpg 1920w\" sizes=\"(max-width: 768px) 100vw, 768px\" \/><figcaption>OLYMPUS DIGITAL CAMERA<\/figcaption><\/figure><\/div>\n\n\n\n<p class=\"has-text-align-center\" id=\"block-26f65bd0-196f-4585-a511-9c79c416d9f8\"><strong>QIU VOLE L\u2019ARGENT DE LA RDC BANQUE MONDIALE LE GOUVERNEMANT DE LA RDC<\/strong><\/p>\n\n\n\n<p class=\"has-text-align-center\" id=\"block-c09f9050-73b4-43eb-9c50-ec019783fd66\"><strong>SYSTEME DE VOILE LE PEUPLE CONGOLAIS DES VOLEURS CONSID\u00c8RE<\/strong> <strong>LES COMMENTAIRES SUR LE CAMPE<\/strong><\/p>\n\n\n\n<div class=\"wp-block-image\"><figure class=\"aligncenter size-large is-resized\"><img decoding=\"async\" src=\"http:\/\/canalfutur.ch\/wp-content\/uploads\/2021\/04\/ocpt.bmp\" alt=\"\" class=\"wp-image-184\" width=\"-25\" height=\"-8\"\/><\/figure><\/div>\n\n\n\n<p id=\"block-3e3659e0-dde2-44ad-b8eb-023404fc91f0\">M. Zada Musesa Mayalu 10, via Glorietta 6987 Caslano\/<\/p>\n\n\n\n<p id=\"block-492cf07a-dc52-4678-86e7-863e63653a00\"><strong>C.I : -Monsieur le Chef du Gouvernement<\/strong><\/p>\n\n\n\n<p id=\"block-79db55e5-eff5-47a5-a2e7-5349cef2d175\">Helv\u00e9tique Suisse <strong>&#8211; A Monsieur ou Madame &#8230;&#8230;.<\/strong> Mon Avocat A Kinshasa<strong> A : A Monsieur Le Premier MinistreDe la R\u00e9publique D\u00e9mocratique du Congo A <em>Kinshasa<\/em><\/strong><\/p>\n\n\n\n<p id=\"block-b90820f7-8aa0-41a9-b491-e13857efec29\"><strong>Objet&nbsp;: Paiement<\/strong><\/p>\n\n\n\n<p id=\"block-79026793-6486-4b81-bf57-c3f0ba15dd76\"><strong>Monsieur<\/strong>&nbsp;&nbsp;&nbsp;<\/p>\n\n\n\n<p id=\"block-83477401-b5db-4597-b880-5f63d13da60d\">Par la pr\u00e9sente, je viens aupr\u00e8s de votre haute autorit\u00e9 solliciter le paiement mes factures, depuis 1998 j\u2019ai fournit les mat\u00e9riels de communication a l\u2019entreprise de l\u2019Etat OCPT pour la modernisation de sa gestion. Avec tout ce qu\u2019il y a eu au pays, l\u2019Etat n\u2019est pas en mesure d\u2019honorer les factures, comme le gouvernement est d\u00e9j\u00e0 l\u00e0 et mon dossier est bien connu je tiens a rentr\u00e9e dans mes droits. La facture est <strong>de 2 500 000 $.<\/strong> Ce retard a cr\u00e9e pr\u00e9judice a mon entreprise. Veuillez agr\u00e9er, Monsieur le Premier ministre, l\u2019expression de ma haute consid\u00e9ration distingu\u00e9e.<\/p>\n\n\n\n<p class=\"has-text-align-center\" id=\"block-83477401-b5db-4597-b880-5f63d13da60d\"> <strong>Pour l\u2019entreprise &#8230;&#8230;&#8230;&#8230;&#8230;..<\/strong><\/p>\n\n\n\n<figure class=\"wp-block-embed aligncenter is-type-video is-provider-youtube wp-block-embed-youtube wp-embed-aspect-4-3 wp-has-aspect-ratio\"><div class=\"wp-block-embed__wrapper\">\n<iframe loading=\"lazy\" title=\"Djouna Mumbafu -Tonnere de Brest\" width=\"640\" height=\"480\" src=\"https:\/\/www.youtube.com\/embed\/HJwMq73R4sw?feature=oembed\" frameborder=\"0\" allow=\"accelerometer; autoplay; clipboard-write; encrypted-media; gyroscope; picture-in-picture; web-share\" referrerpolicy=\"strict-origin-when-cross-origin\" allowfullscreen><\/iframe>\n<\/div><\/figure>\n\n\n\n<h3 class=\"wp-block-heading\" id=\"block-e7151d57-454c-4296-a705-3c4e702b7bdc\">AFF : Soci\u00e9t\u00e9 SAPERE \/ OFFICE CONGOLAIS DES POSTES ET T\u00c9L\u00c9COMMUNICATIONS LETTRE RECOMMANDEE AVEC DEMANDE D\u2019AVIS DE R\u00c9CEPTION + LETTRE SIMPLE&nbsp;\u00bb<\/h3>\n\n\n\n<p id=\"block-60e35074-d03f-44de-ac15-9d8729589401\">Messieurs<\/p>\n\n\n\n<p id=\"block-c8147c70-7492-4b19-bb73-5e1925026fca\">La soci\u00e9t\u00e9 de droit suisse SAPERE, don\u2019t le si\u00e8ge est 18 Via Rompada 6987 CASLANO SUISSE, don\u2019t je suis le Conseil, me remet un dossier laissant appara\u00eetre que :Suivant contrat de location vente d\u2019\u00e9quipements informatiques en date du 9 mars 2000 et apr\u00e8s approbation de Monsieur le Ministre des PTT , la soci\u00e9t\u00e9 S.A.P.E.R.E.<\/p>\n\n\n\n<p id=\"block-5f755669-3636-46a6-8a2b-fb7fb5c29c7b\">a vendu \u00e0 l\u2019Office congolais des Postes et T\u00e9l\u00e9communications (OCPT) un r\u00e9seau informatique pour un montant de 55 946 US$ (CINQUANTE CINQ MILLE NEUF CENT QUARANTE-SIX DOLLARS US). En outre il a \u00e9t\u00e9 convenu que le montant des frais d\u2019installation et de mise en service dudit r\u00e9seau s\u2019\u00e9levaient \u00e0 la somme de 5 000 US$ (CINQ MILLE DOLLARS US). Il \u00e9tait pr\u00e9vu aux termes du m\u00eame contrat le paiement du prix de vente \u00e0 raison de 24 mensualit\u00e9s \u00e0 compter de l\u2019e,ntr\u00e9e en vigueur de ce contrat, soit un paiement mensuel de 2 331 $ US payable en devises au moyen d\u2019un ordre de virement permanent au cr\u00e9dit du compte ouvert par la soci\u00e9t\u00e9 SAPERE aupr\u00e8s du Cr\u00e9dit SUISSE.<\/p>\n\n\n\n<p class=\"has-text-align-center\">AVOCAT KONDE KONDE <\/p>\n\n\n\n<div class=\"wp-block-image\"><figure class=\"aligncenter size-large is-resized\"><img decoding=\"async\" src=\"http:\/\/canalfutur.ch\/wp-content\/uploads\/2021\/04\/avocat-konde.jpg\" alt=\"\" class=\"wp-image-207\" width=\"-260\" height=\"-346\" srcset=\"https:\/\/canalfutur.ch\/wp-content\/uploads\/2021\/04\/avocat-konde.jpg 720w, https:\/\/canalfutur.ch\/wp-content\/uploads\/2021\/04\/avocat-konde-225x300.jpg 225w\" sizes=\"(max-width: 720px) 100vw, 720px\" \/><\/figure><\/div>\n\n\n\n<p id=\"block-2cdcdcf2-7942-440e-ada5-a5702434788a\">Ou, si vous avez la commande pour l\u2019OCPT, vous pouvez installer la satisfaction de votre biblioth\u00e8que. en revanche ni le prix de vente ni les frais d\u2019installation de celui ci n\u2019ont \u00e9t\u00e9 r\u00e9gl\u00e9s par votre organisme, de telle sorte que l\u2019int\u00e9gralit\u00e9 du prix de vente et d\u2019installation convenu est aujourd\u2019hui exigible. Si vous en r\u00e9glertendez cette affaire \u00e0 l\u2019amiable, je vous saurais gr\u00e9 de m\u2019adresser, sous d\u00e9lai de huitaine \u00e0 compter de la r\u00e9ception de la pr\u00e9sente, un ch\u00e8que d\u2019un montant de 60.946 US $ (SOIXANTE MILLE NEUF CENT QUARANTE SIX DOLLARS US) directement libell\u00e9 \u00e0 l\u2019ordre de la soci\u00e9t\u00e9 SAPERE. Un d\u00e9faut de r\u00e8glement dans le d\u00e9lai pr\u00e9cit\u00e9, je reprendrai mon enti\u00e8re libert\u00e9 d\u2019action \u00e0 votre encontre. De ce fait vous devez consid\u00e9rer la pr\u00e9sente comme une mise en demeure de nature \u00e0 faire courir tous les d\u00e9lais, int\u00e9r\u00eats et autres cons\u00e9quences que la loi et plus particuli\u00e8rement l\u2019article 1153 du Code Civil et les tribunaux attach\u00e9s aux mises en demeure. Reste \u00e0 la disposition de votre avocat pour m\u2019entretenir avec lui de ce dossier, je vous prie de croire, Madame, \u00e0 l\u2019expression de mes sentiments distingu\u00e9s.<\/p>\n\n\n\n<p class=\"has-text-align-center\" id=\"block-b426cfa8-4803-4900-8abb-96d5262e91f6\">Pr\u00e9parateur d\u2019Idee DE LA ISOTE DU FLEUVE<\/p>\n\n\n\n<p class=\"has-text-align-center\" id=\"block-67fc9b6b-1b20-4537-9d82-876e53d308c9\">OYO KUTU BOLOBA MINGI TE MISALA AVEC Robert<\/p>\n\n\n\n<p class=\"has-text-align-center\" id=\"block-4fbdddb8-551b-4662-bd1a-e768eecfb072\">Robert Choudury \u00ab&nbsp;La Cit\u00e9 du Fleuve n\u2019est pas le projet d\u2019un groupe d\u2019investisseurs mais de tout congolais&nbsp;\u00bb<\/p>\n\n\n\n<figure class=\"wp-block-embed aligncenter is-type-video is-provider-youtube wp-block-embed-youtube wp-embed-aspect-4-3 wp-has-aspect-ratio\"><div class=\"wp-block-embed__wrapper\">\n<iframe loading=\"lazy\" title=\"La Cit\u00e9 Du Fleuve\" width=\"640\" height=\"480\" src=\"https:\/\/www.youtube.com\/embed\/wdEPKh5C1hE?feature=oembed\" frameborder=\"0\" allow=\"accelerometer; autoplay; clipboard-write; encrypted-media; gyroscope; picture-in-picture; web-share\" referrerpolicy=\"strict-origin-when-cross-origin\" allowfullscreen><\/iframe>\n<\/div><\/figure>\n\n\n\n<p class=\"has-text-align-center\" id=\"block-e8f0eee4-2993-4b13-8c6e-9d529e8d6617\"><a rel=\"noreferrer noopener\" href=\"http:\/\/www.incredimail.com\/index.asp?lang=16&amp;version=5312750&amp;setup_id=16000007&amp;aff_id=101&amp;addon=IncrediMail&amp;id=95202&amp;guid=1A7DE21B-5D95-4C22-89D0-64D81FDCD1EC\" target=\"_blank\"><strong>Le pape au volant !<\/strong><\/a><\/p>\n\n\n\n<p class=\"has-text-align-center\" id=\"block-dc808b83-eeda-4c1a-9c10-eabec80baa32\">Apr\u00e8s avoir rang\u00e9 les bagages du Pape dans le coffre, le chauffeur r\u00e9alise que le Pape reste sur le trottoir.<\/p>\n\n\n\n<p class=\"has-text-align-center\" id=\"block-cca86590-9685-43b7-97ae-c183e159173d\">&#8211; Excusez-moi, Votre Saintet\u00e9, dit le chauffeur, voudriez-vous,je vous prie, vous asseoir pour que nous puissions partir ?<\/p>\n\n\n\n<p class=\"has-text-align-center\" id=\"block-915eeec3-f8fb-4ad7-a1c8-632613264ab9\">&#8211; Heu&#8230; Pour vous dire la v\u00e9rit\u00e9, dit le Pape, ils ne veulent pas me laisser conduire au Vatican,&nbsp;et j&#8217;aimerais beaucoup pouvoir le faire aujourd&#8217;hui.<\/p>\n\n\n\n<p class=\"has-text-align-center\" id=\"block-05d13e7f-11c0-4819-8e81-103c5124b365\">&#8211; De mauvaise gr\u00e2ce, le chauffeur passe \u00e0 l&#8217;arri\u00e8re et le Pape s&#8217;installe derri\u00e8re le volant.&nbsp;Tr\u00e8s vite le chauffeur regrette&nbsp;sa d\u00e9cision, quand apr\u00e8s avoir quitt\u00e9 l&#8217;a\u00e9roport,&nbsp;&nbsp;le souverain pontife met la p\u00e9dale au plancher acc\u00e9l\u00e9rant jusqu&#8217;\u00e0 170 Km\/h &#8230;<\/p>\n\n\n\n<p class=\"has-text-align-center\" id=\"block-491d17fd-a5e1-4c86-b672-c495fbd7145a\">&#8211; Je vous en supplie, Votre Saintet\u00e9, ralentissez&nbsp;! Implore le chauffeur tr\u00e8s inquiet,&nbsp;mais le Pape continue jusqu&#8217;\u00e0 ce que les sir\u00e8nes de police retentissent.<\/p>\n\n\n\n<p class=\"has-text-align-center\" id=\"block-bf75cba0-a809-48c9-b2ef-0cabd838452c\">Le Pape se range sur le c\u00f4t\u00e9 et baisse sa vitre quand le policier s&#8217;approche,&nbsp;mais d\u00e8s qu&#8217;il voit le Pape il retourne \u00e0 sa moto, ouvre sa radio&nbsp;et dit \u00e0 son chef qu&#8217;il a arr\u00eat\u00e9 une limousine roulant \u00e0 170 !!!!!<br>&nbsp;&#8211; Quel est le probl\u00e8me ? Bouclez-le ! dit le chef.<br>&nbsp;&#8211; Je ne pense pas qu&#8217;on puisse faire \u00e7a, c&#8217;est quelqu&#8217;un de tr\u00e8s important, dit le policier.<br>&nbsp;&#8211; Il n&#8217;y a pas de raison ! s&#8217;exclame le chef.<br>&nbsp;&#8211; Non, je veux dire r\u00e9ellement important, dit le policier.<br>&nbsp;Le chef demande alors : &#8211; Qui avez-vous coinc\u00e9 ? Le Maire ? <br>&nbsp;Le policier : &#8211; Plus gros !<br>&nbsp;Le chef : &#8211; Un s\u00e9nateur, un d\u00e9put\u00e9, un ministre&#8230; le pr\u00e9sident ?<br>&nbsp;Le policier : &#8211; BEAUCOUP PLUS GROS&nbsp;!<br>&nbsp;Le chef :- Bien ! Dites-moi qui c&#8217;est !<br>&nbsp;Le policier : &#8211; Je pense que c&#8217;est Dieu lui-m\u00eame !<br>&nbsp;Le chef :- Qu&#8217;est-ce qui vous fait croire que c&#8217;est Dieu ?<br>&nbsp;Le policier : &#8211; *<strong>Parce qu&#8217;il a le Pape comme chauffeur<\/strong>&nbsp;* !<\/p>\n\n\n\n<p class=\"has-text-align-center\" id=\"block-d06dd1a7-433a-48ce-bc88-cf7f5bce39cd\">MUSESA MAYALU ZADA Les messieurs sont n\u00e9s et ne sont pas faits, dit TOTO<\/p>\n\n\n\n<p class=\"has-text-align-center\" id=\"block-a49e2f9d-7976-4761-8e77-d3198f86e828\">La Beaut\u00e9 des Math\u00e9matiques !&nbsp;<\/p>\n\n\n\n<div class=\"wp-block-image\"><figure class=\"aligncenter size-large is-resized\"><img loading=\"lazy\" decoding=\"async\" src=\"http:\/\/canalfutur.ch\/wp-content\/uploads\/2021\/04\/mathematique.png\" alt=\"\" class=\"wp-image-212\" width=\"1076\" height=\"246\" srcset=\"https:\/\/canalfutur.ch\/wp-content\/uploads\/2021\/04\/mathematique.png 898w, https:\/\/canalfutur.ch\/wp-content\/uploads\/2021\/04\/mathematique-300x69.png 300w, https:\/\/canalfutur.ch\/wp-content\/uploads\/2021\/04\/mathematique-768x176.png 768w\" sizes=\"auto, (max-width: 1076px) 100vw, 1076px\" \/><\/figure><\/div>\n\n\n\n<p class=\"has-text-align-center\" id=\"block-be441cad-c399-4e9f-9911-bd838704e6f4\"><br>2\u00b0) Maintenant, regardez ceci &#8230;&nbsp;&nbsp;<br>101 %&nbsp;&nbsp;<br>D\u2019un point de vue strictement math\u00e9matique :&nbsp;&nbsp;<br>Qu\u2019 est-ce qui \u00e9gale 100 %?&nbsp;&nbsp;<br>Que signifie \u201cSe donner \u00e0 PLUS de 100 %\u201d ?&nbsp;&nbsp;<br>Nous avons tous \u00e9t\u00e9 dans des situations o\u00f9 on nous demande&nbsp;&nbsp;<br>De nous donner A PLUS DE 100 %.&nbsp;&nbsp;<br>Pourquoi ne pas REALISER 101 %?&nbsp;&nbsp;<br>Que repr\u00e9sente 100 % dans la Vie ?&nbsp;&nbsp;<br>Voici une petite formule math\u00e9matique qui pourrait&nbsp;&nbsp;t&#8217;aider \u00e0&nbsp;&nbsp;<br>r\u00e9pondre \u00e0 ces questions:&nbsp;&nbsp;<br>Si les Lettres :&nbsp;&nbsp;<br>A B C D E F G H I J K L M N O P Q R S T U V W X Y Z&nbsp;&nbsp;<br>sont repr\u00e9sent\u00e9es par les chiffres :&nbsp;&nbsp;<br>1 2 3 4 5 6 7 8 9 10 11 12 13 14 15 16 17 18 19 20 21 22 23 24 25 26.&nbsp;&nbsp;<br>Alors :&nbsp;&nbsp;<br>H-A-R-D-W-O- R-K (Le Travail Dur)&nbsp;<br>&nbsp;= 8+1+18+4+23+ 15+18+11 = 98 %&nbsp;&nbsp;<br>Et :&nbsp;&nbsp;<br>K-N-O-W-L-E-D-G-E (Le Savoir)&nbsp;<br>= 11+14+15+23+ 12+5+4+7+ 5 = 96 %&nbsp;&nbsp;<br><br>Mais :&nbsp;&nbsp;<br><br>A-T-T-I-T-U-D-E (Attitude)&nbsp;&nbsp;<br>= 1+20+20+9+20+ 21+4+5 = 100 %&nbsp;&nbsp;<br>ENFIN, regarde o\u00f9 Love of God (l\u2019 Amour de Dieu)&nbsp;&nbsp;te m\u00e8nera :&nbsp;&nbsp;<br>L-O-V-E-O-F-G-O-D&nbsp;&nbsp;<br>= 12+15+22+5+15+ 6+7+15+4 = 101 %&nbsp;&nbsp;&nbsp;<\/p>\n\n\n\n<p class=\"has-text-align-center\" id=\"block-3f20655f-85f3-4d68-a27e-68a94052b947\">Lire \u00e9galement Fweley Diangitukwa,&#8221;<em>Le r\u00e8gne du mensonge politique en RD Congo&nbsp;<\/em>&#8220;<\/p>\n\n\n\n<h4 class=\"has-text-align-center wp-block-heading\" id=\"block-d3ee217e-7324-4c67-bf32-aec151bbeac1\"><strong>Je certifie sur honneur que ces renseignements sont sinc\u00e8res et exacts&nbsp;Merci<\/strong> <\/h4>\n\n\n\n<h4 class=\"has-text-align-center wp-block-heading\" id=\"block-2e68bbf9-f45d-4c28-81ae-6b55ce55cfdc\"><strong>a tout ce qui auront&nbsp;le temps de lire mon histoire et ton histoire<\/strong><\/h4>\n\n\n\n<p><\/p>\n","protected":false},"excerpt":{"rendered":"<p>Ni le 11 mars 1960 \u00e0 Kinshasa \/ Ndjili (RDC) c\u00e9libat p\u00e8re de 4 enfants ; langues parl\u00e9es: ou langues utilis\u00e9es:le fran\u00e7ais , italien , portugais et le lingala . \u2013 1968 \u00e0 1975 Ecole Primaire \u00e0 kinshasa Ndjili \u2013 1975 \u00e0 1979 Sycle d\u2019orientation au Congo Brazza\/ville SEG comune de bas congo \u2013 cycle [&hellip;]<\/p>\n","protected":false},"author":1,"featured_media":0,"comment_status":"open","ping_status":"open","sticky":false,"template":"","format":"standard","meta":{"footnotes":""},"categories":[1],"tags":[],"class_list":["post-5","post","type-post","status-publish","format-standard","hentry","category-uncategorized"],"translation":{"provider":"WPGlobus","version":"3.0.2","language":"en","enabled_languages":["it","ru","en","es","de","fr","pt"],"languages":{"it":{"title":true,"content":true,"excerpt":false},"ru":{"title":false,"content":false,"excerpt":false},"en":{"title":false,"content":false,"excerpt":false},"es":{"title":false,"content":false,"excerpt":false},"de":{"title":false,"content":false,"excerpt":false},"fr":{"title":false,"content":false,"excerpt":false},"pt":{"title":false,"content":false,"excerpt":false}}},"_links":{"self":[{"href":"https:\/\/canalfutur.ch\/en\/index.php\/wp-json\/wp\/v2\/posts\/5","targetHints":{"allow":["GET"]}}],"collection":[{"href":"https:\/\/canalfutur.ch\/en\/index.php\/wp-json\/wp\/v2\/posts"}],"about":[{"href":"https:\/\/canalfutur.ch\/en\/index.php\/wp-json\/wp\/v2\/types\/post"}],"author":[{"embeddable":true,"href":"https:\/\/canalfutur.ch\/en\/index.php\/wp-json\/wp\/v2\/users\/1"}],"replies":[{"embeddable":true,"href":"https:\/\/canalfutur.ch\/en\/index.php\/wp-json\/wp\/v2\/comments?post=5"}],"version-history":[{"count":37,"href":"https:\/\/canalfutur.ch\/en\/index.php\/wp-json\/wp\/v2\/posts\/5\/revisions"}],"predecessor-version":[{"id":241,"href":"https:\/\/canalfutur.ch\/en\/index.php\/wp-json\/wp\/v2\/posts\/5\/revisions\/241"}],"wp:attachment":[{"href":"https:\/\/canalfutur.ch\/en\/index.php\/wp-json\/wp\/v2\/media?parent=5"}],"wp:term":[{"taxonomy":"category","embeddable":true,"href":"https:\/\/canalfutur.ch\/en\/index.php\/wp-json\/wp\/v2\/categories?post=5"},{"taxonomy":"post_tag","embeddable":true,"href":"https:\/\/canalfutur.ch\/en\/index.php\/wp-json\/wp\/v2\/tags?post=5"}],"curies":[{"name":"wp","href":"https:\/\/api.w.org\/{rel}","templated":true}]}}